{"id":3142,"date":"2025-05-07T15:47:40","date_gmt":"2025-05-07T13:47:40","guid":{"rendered":"https:\/\/conscharleroi.esteri.it\/?p=3142"},"modified":"2025-05-07T15:58:50","modified_gmt":"2025-05-07T13:58:50","slug":"avis-de-fermeture-estivale-consulat-honoraire-ditalie-a-liege","status":"publish","type":"post","link":"https:\/\/conscharleroi.esteri.it\/fr\/news\/dal_consolato\/2025\/05\/avis-de-fermeture-estivale-consulat-honoraire-ditalie-a-liege\/","title":{"rendered":"AVIS DE FERMETURE ESTIVALE \u2013 CONSULAT HONORAIRE D\u2019ITALIE \u00c0 LI\u00c8GE"},"content":{"rendered":"<p style=\"margin: 0cm 0cm 9.0pt 0cm;\"><span style=\"font-size: 14.5pt; font-family: 'Times New Roman',serif;\">Nous informons le public que les bureaux du Consulat Honoraire d\u2019Italie \u00e0 Li\u00e8ge seront ferm\u00e9s du jeudi 17 juillet au mercredi 27 ao\u00fbt 2025 inclus.<\/span><\/p>\n<p style=\"font-variant-caps: normal; font-stretch: normal; font-size-adjust: none; font-kerning: auto; font-variant-alternates: normal; font-variant-ligatures: normal; font-variant-numeric: normal; font-variant-east-asian: normal; font-variant-position: normal; font-variant-emoji: normal; font-feature-settings: normal; font-optical-sizing: auto; font-variation-settings: normal; -webkit-text-stroke-width: 0px; -webkit-text-stroke-color: #000000; margin: 0cm 0cm 9.0pt 0cm;\"><span style=\"font-kerning: none;\"><span style=\"font-size: 14.5pt; font-family: 'Times New Roman',serif;\">Les activit\u00e9s reprendront normalement \u00e0 partir du lundi 1er septembre 2025.<\/span><\/span><\/p>\n","protected":false},"excerpt":{"rendered":"Nous informons le public que les bureaux du Consulat Honoraire d\u2019Italie \u00e0 Li\u00e8ge seront ferm\u00e9s du jeudi 17 juillet au mercredi 27 ao\u00fbt 2025 inclus. Les activit\u00e9s reprendront normalement \u00e0 partir du lundi 1er septembre 2025.","protected":false},"author":4,"featured_media":992,"comment_status":"closed","ping_status":"closed","sticky":false,"template":"","format":"standard","meta":{"footnotes":""},"tags":[],"class_list":["post-3142","post","type-post","status-publish","format-standard","has-post-thumbnail","hentry"],"_links":{"self":[{"href":"https:\/\/conscharleroi.esteri.it\/fr\/wp-json\/wp\/v2\/posts\/3142","targetHints":{"allow":["GET"]}}],"collection":[{"href":"https:\/\/conscharleroi.esteri.it\/fr\/wp-json\/wp\/v2\/posts"}],"about":[{"href":"https:\/\/conscharleroi.esteri.it\/fr\/wp-json\/wp\/v2\/types\/post"}],"author":[{"embeddable":true,"href":"https:\/\/conscharleroi.esteri.it\/fr\/wp-json\/wp\/v2\/users\/4"}],"replies":[{"embeddable":true,"href":"https:\/\/conscharleroi.esteri.it\/fr\/wp-json\/wp\/v2\/comments?post=3142"}],"version-history":[{"count":2,"href":"https:\/\/conscharleroi.esteri.it\/fr\/wp-json\/wp\/v2\/posts\/3142\/revisions"}],"predecessor-version":[{"id":3148,"href":"https:\/\/conscharleroi.esteri.it\/fr\/wp-json\/wp\/v2\/posts\/3142\/revisions\/3148"}],"wp:featuredmedia":[{"embeddable":true,"href":"https:\/\/conscharleroi.esteri.it\/fr\/wp-json\/wp\/v2\/media\/992"}],"wp:attachment":[{"href":"https:\/\/conscharleroi.esteri.it\/fr\/wp-json\/wp\/v2\/media?parent=3142"}],"wp:term":[{"taxonomy":"post_tag","embeddable":true,"href":"https:\/\/conscharleroi.esteri.it\/fr\/wp-json\/wp\/v2\/tags?post=3142"}],"curies":[{"name":"wp","href":"https:\/\/api.w.org\/{rel}","templated":true}]}}