{"id":4212,"date":"2026-04-27T16:18:29","date_gmt":"2026-04-27T14:18:29","guid":{"rendered":"https:\/\/conscharleroi.esteri.it\/?p=4212"},"modified":"2026-04-27T16:20:52","modified_gmt":"2026-04-27T14:20:52","slug":"communication-relative-a-la-fermeture-estivale-du-consulat-honoraire-ditalie-a-liege-annee-2026","status":"publish","type":"post","link":"https:\/\/conscharleroi.esteri.it\/fr\/news\/dal_consolato\/2026\/04\/communication-relative-a-la-fermeture-estivale-du-consulat-honoraire-ditalie-a-liege-annee-2026\/","title":{"rendered":"Communication relative \u00e0 la fermeture estivale du Consulat Honoraire d\u2019Italie \u00e0 Li\u00e8ge \u2013 Ann\u00e9e 2026"},"content":{"rendered":"<p>Nous informons notre aimable public que les bureaux du Consulat Honoraire d\u2019Italie \u00e0 Li\u00e8ge seront temporairement ferm\u00e9s du jeudi 16 juillet au mercredi 26 ao\u00fbt 2026 inclus.<\/p>\n<p>&nbsp;<\/p>\n<p>Les activit\u00e9s reprendront r\u00e9guli\u00e8rement \u00e0 partir du lundi <strong>31 ao\u00fbt 2026<\/strong>.<\/p>\n","protected":false},"excerpt":{"rendered":"Nous informons notre aimable public que les bureaux du Consulat Honoraire d\u2019Italie \u00e0 Li\u00e8ge seront temporairement ferm\u00e9s du jeudi 16 juillet au mercredi 26 ao\u00fbt 2026 inclus. &nbsp; Les activit\u00e9s reprendront r\u00e9guli\u00e8rement \u00e0 partir du lundi 31 ao\u00fbt 2026.","protected":false},"author":4,"featured_media":991,"comment_status":"closed","ping_status":"closed","sticky":false,"template":"","format":"standard","meta":{"footnotes":""},"tags":[],"class_list":["post-4212","post","type-post","status-publish","format-standard","has-post-thumbnail","hentry"],"_links":{"self":[{"href":"https:\/\/conscharleroi.esteri.it\/fr\/wp-json\/wp\/v2\/posts\/4212","targetHints":{"allow":["GET"]}}],"collection":[{"href":"https:\/\/conscharleroi.esteri.it\/fr\/wp-json\/wp\/v2\/posts"}],"about":[{"href":"https:\/\/conscharleroi.esteri.it\/fr\/wp-json\/wp\/v2\/types\/post"}],"author":[{"embeddable":true,"href":"https:\/\/conscharleroi.esteri.it\/fr\/wp-json\/wp\/v2\/users\/4"}],"replies":[{"embeddable":true,"href":"https:\/\/conscharleroi.esteri.it\/fr\/wp-json\/wp\/v2\/comments?post=4212"}],"version-history":[{"count":1,"href":"https:\/\/conscharleroi.esteri.it\/fr\/wp-json\/wp\/v2\/posts\/4212\/revisions"}],"predecessor-version":[{"id":4215,"href":"https:\/\/conscharleroi.esteri.it\/fr\/wp-json\/wp\/v2\/posts\/4212\/revisions\/4215"}],"wp:featuredmedia":[{"embeddable":true,"href":"https:\/\/conscharleroi.esteri.it\/fr\/wp-json\/wp\/v2\/media\/991"}],"wp:attachment":[{"href":"https:\/\/conscharleroi.esteri.it\/fr\/wp-json\/wp\/v2\/media?parent=4212"}],"wp:term":[{"taxonomy":"post_tag","embeddable":true,"href":"https:\/\/conscharleroi.esteri.it\/fr\/wp-json\/wp\/v2\/tags?post=4212"}],"curies":[{"name":"wp","href":"https:\/\/api.w.org\/{rel}","templated":true}]}}