{"id":1259,"date":"2019-08-01T10:13:56","date_gmt":"2019-08-01T08:13:56","guid":{"rendered":"https:\/\/conscharleroi.esteri.it\/news\/dal_consolato\/2019\/08\/onoreficienze-dell-ordine-della\/"},"modified":"2019-08-01T10:13:56","modified_gmt":"2019-08-01T08:13:56","slug":"onoreficienze-dell-ordine-della","status":"publish","type":"post","link":"https:\/\/conscharleroi.esteri.it\/it\/news\/dal_consolato\/2019\/08\/onoreficienze-dell-ordine-della\/","title":{"rendered":"Onoreficienze dell&#8217; &#8220;Ordine della Stella al Merito &#8221; 2020 &#8211; candidature entro il 15\/11\/2019"},"content":{"rendered":"<p>Il Ministero del Lavoro e delle Politiche Sociali ha reso noto che anche per l&#8217;anno 2020 saranno conferite le onorificenze dell\u2019Ordine della \u201cStella al merito\u201d ai lavoratori italiani all&#8217;estero, di cui almeno il 50% da assegnare a lavoratori che abbiano iniziato la loro attivit\u00e0 dai livelli contrattuali &#8220;pi\u00f9 bassi&#8221;.<\/p>\n<p><a href=\"https:\/\/youtu.be\/wjCpKuTqZMc\">Al seguente link si pu\u00f2 visualizzare il video istituzionale<\/a> realizzato dalla Direzione Generale per gli Italiani all\u2019estero del MAECI:<\/p>\n<p>Si attira l&#8217;attenzione sull&#8217;importanza di una tempestiva segnalazione delle candidature, che si vorranno fare pervenire a questo Consolato Generale entro il 15 novembre 2019.<\/p>\n<p>Scarica qui <a href=\"resource\/doc\/2019\/08\/legge_5_febbraio_143_92.pdf\">i riferimenti normativi<\/a>, <a href=\"resource\/doc\/2019\/08\/informativa_procedure_e_modalita_r.docx\">i dettagli sulle procedure<\/a> e <a href=\"resource\/doc\/2019\/08\/modulo_candidature.doc\">il modulo candidature.<\/a><\/p>\n","protected":false},"excerpt":{"rendered":"Il Ministero del Lavoro e delle Politiche Sociali ha reso noto che anche per l&#8217;anno 2020 saranno conferite le onorificenze dell\u2019Ordine della \u201cStella al merito\u201d ai lavoratori italiani all&#8217;estero, di cui almeno il 50% da assegnare a lavoratori che abbiano iniziato la loro attivit\u00e0 dai livelli contrattuali &#8220;pi\u00f9 bassi&#8221;. Al seguente link si pu\u00f2 visualizzare [&hellip;]","protected":false},"author":1,"featured_media":0,"comment_status":"","ping_status":"","sticky":false,"template":"","format":"standard","meta":{"footnotes":""},"tags":[],"class_list":["post-1259","post","type-post","status-publish","format-standard","hentry"],"_links":{"self":[{"href":"https:\/\/conscharleroi.esteri.it\/it\/wp-json\/wp\/v2\/posts\/1259","targetHints":{"allow":["GET"]}}],"collection":[{"href":"https:\/\/conscharleroi.esteri.it\/it\/wp-json\/wp\/v2\/posts"}],"about":[{"href":"https:\/\/conscharleroi.esteri.it\/it\/wp-json\/wp\/v2\/types\/post"}],"author":[{"embeddable":true,"href":"https:\/\/conscharleroi.esteri.it\/it\/wp-json\/wp\/v2\/users\/1"}],"replies":[{"embeddable":true,"href":"https:\/\/conscharleroi.esteri.it\/it\/wp-json\/wp\/v2\/comments?post=1259"}],"version-history":[{"count":0,"href":"https:\/\/conscharleroi.esteri.it\/it\/wp-json\/wp\/v2\/posts\/1259\/revisions"}],"wp:attachment":[{"href":"https:\/\/conscharleroi.esteri.it\/it\/wp-json\/wp\/v2\/media?parent=1259"}],"wp:term":[{"taxonomy":"post_tag","embeddable":true,"href":"https:\/\/conscharleroi.esteri.it\/it\/wp-json\/wp\/v2\/tags?post=1259"}],"curies":[{"name":"wp","href":"https:\/\/api.w.org\/{rel}","templated":true}]}}