{"id":1272,"date":"2019-03-29T15:14:41","date_gmt":"2019-03-29T13:14:41","guid":{"rendered":"https:\/\/conscharleroi.esteri.it\/news\/dal_consolato\/2019\/03\/sanremo-giovani-world-tour-comunicato\/"},"modified":"2019-03-29T15:14:41","modified_gmt":"2019-03-29T13:14:41","slug":"sanremo-giovani-world-tour-comunicato","status":"publish","type":"post","link":"https:\/\/conscharleroi.esteri.it\/it\/news\/dal_consolato\/2019\/03\/sanremo-giovani-world-tour-comunicato\/","title":{"rendered":"Sanremo Giovani World Tour a Bruxelles il 16\/04\/2019  &#8211; comunicato stampa"},"content":{"rendered":"<p>Promuovere la cultura e la lingua italiana e sostenere l\u2019industria creativa del nostro Paese nel mondo.<\/p>\n<p>Nasce con questo ambizioso obiettivo il progetto <strong>\u201cSanremo Giovani World Tour\u201d<\/strong>, la tourn\u00e9e organizzata dalla Farnesina e promossa in collaborazione con la Direzione Comunicazione Rai, che porter\u00e0 nei cinque continenti i finalisti di Sanremo Giovani 2018: Deschema, Einar, Federica Abbate, La Rua e Nyvinne. Un\u2019opportunit\u00e0 unica per questi giovani artisti che avranno l\u2019occasione di farsi conoscere in altri Paesi e anche un investimento sul talento emergente. I ragazzi della passata edizione di Sanremo Giovani avranno cos\u00ec \u2018il mondo come palcoscenico\u2019 e il marchio Sanremo, sinonimo di buona musica e di grandi successi, accrescer\u00e0 ancora di pi\u00f9 la sua popolarit\u00e0.<\/p>\n<p>Anche per Rai \u00e8 motivo di grande soddisfazione perch\u00e9 sul progetto Sanremo Giovani Rai1 ha dedicato risorse e progettualit\u00e0 trasformando l\u2019edizione 2018 in una edizione anticipata del Festival e dedicando agli artisti un\u2019intera settimana di programmazione con 4 trasmissioni pomeridiane e 2 prime serate.<\/p>\n<p>Sar\u00e0 un tour che toccher\u00e0 sette citt\u00e0 e cinque continenti: si parte il 31 marzo da Tunisi per volare poi a Tokyo il 3 aprile, a Sydney il 6, a Buenos Aires il 9 e a Toronto il 12, prima di rientrare in Europa con le ultime due date di Barcellona e <strong>Bruxelles,<\/strong> rispettivamente il 15 e il <strong>16 aprile.<\/strong> Mahmood, vincitore della 69\u00b0 edizione del Festival di Sanremo, ha assicurato la sua presenza nella tappa iniziale di Tunisi e in quella finale di Bruxelles.<\/p>\n<p>L\u2019iniziativa, la cui organizzazione sar\u00e0 curata dagli <a href=\"https:\/\/iicbruxelles.esteri.it\/iic_bruxelles\/it\/gli_eventi\/calendario\/2019\/04\/sanremo-giovani-world-tour-2019.html\">Istituti Italiani di CulturaItaliani di Cultura<\/a>, in stretto raccordo con Ambasciate e Consolati, si inserisce nel programma di promozione integrata della Farnesina <strong>\u201cVivere ALL\u2019italiana<\/strong>\u201d, che dal 2017 coniuga, in una logica di sistema, le diverse componenti della promozione economica, culturale e scientifica dell\u2019Italia nel mondo.<\/p>\n","protected":false},"excerpt":{"rendered":"Promuovere la cultura e la lingua italiana e sostenere l\u2019industria creativa del nostro Paese nel mondo. Nasce con questo ambizioso obiettivo il progetto \u201cSanremo Giovani World Tour\u201d, la tourn\u00e9e organizzata dalla Farnesina e promossa in collaborazione con la Direzione Comunicazione Rai, che porter\u00e0 nei cinque continenti i finalisti di Sanremo Giovani 2018: Deschema, Einar, Federica [&hellip;]","protected":false},"author":1,"featured_media":0,"comment_status":"","ping_status":"","sticky":false,"template":"","format":"standard","meta":{"footnotes":""},"tags":[],"class_list":["post-1272","post","type-post","status-publish","format-standard","hentry"],"_links":{"self":[{"href":"https:\/\/conscharleroi.esteri.it\/it\/wp-json\/wp\/v2\/posts\/1272","targetHints":{"allow":["GET"]}}],"collection":[{"href":"https:\/\/conscharleroi.esteri.it\/it\/wp-json\/wp\/v2\/posts"}],"about":[{"href":"https:\/\/conscharleroi.esteri.it\/it\/wp-json\/wp\/v2\/types\/post"}],"author":[{"embeddable":true,"href":"https:\/\/conscharleroi.esteri.it\/it\/wp-json\/wp\/v2\/users\/1"}],"replies":[{"embeddable":true,"href":"https:\/\/conscharleroi.esteri.it\/it\/wp-json\/wp\/v2\/comments?post=1272"}],"version-history":[{"count":0,"href":"https:\/\/conscharleroi.esteri.it\/it\/wp-json\/wp\/v2\/posts\/1272\/revisions"}],"wp:attachment":[{"href":"https:\/\/conscharleroi.esteri.it\/it\/wp-json\/wp\/v2\/media?parent=1272"}],"wp:term":[{"taxonomy":"post_tag","embeddable":true,"href":"https:\/\/conscharleroi.esteri.it\/it\/wp-json\/wp\/v2\/tags?post=1272"}],"curies":[{"name":"wp","href":"https:\/\/api.w.org\/{rel}","templated":true}]}}