{"id":1291,"date":"2018-11-08T12:46:37","date_gmt":"2018-11-08T10:46:37","guid":{"rendered":"https:\/\/conscharleroi.esteri.it\/news\/dal_consolato\/2018\/11\/19-25-novembre-2018-settimana-della\/"},"modified":"2018-11-08T12:46:37","modified_gmt":"2018-11-08T10:46:37","slug":"19-25-novembre-2018-settimana-della","status":"publish","type":"post","link":"https:\/\/conscharleroi.esteri.it\/it\/news\/dal_consolato\/2018\/11\/19-25-novembre-2018-settimana-della\/","title":{"rendered":"19-25 novembre 2018 &#8211; Settimana della Cucina Italiana nel Mondo"},"content":{"rendered":"<p>La terza edizione della Settimana della Cucina Italiana nel Mondo, che si tiene dal 19 al 25 novembre 2018, mira a promuovere all\u2019estero l\u2019agroalimentare e la cucina italiana di qualit\u00e0, segni distintivi del \u201cMarchio Italia\u201d nel solco delle grandi tematiche che, a partire da EXPO 2015 Milano, contraddistinguono l\u2019agroalimentare italiano: qualit\u00e0, sostenibilit\u00e0, cultura, sicurezza alimentare, diritto al cibo, educazione, identit\u00e0, territorio, biodiversit\u00e0.<\/p>\n<p>A ci\u00f2 si aggiunge l\u2019opera di valorizzazione, anche a fini turistici, dei territori, degli itinerari dell\u2019arte culinaria italiana, nonch\u00e9 della dieta mediterranea, uno degli elementi che rende l\u2019Italia il Paese pi\u00f9 sano del mondo.<\/p>\n<p><a href=\"https:\/\/www.esteri.it\/mae\/it\/politica_estera\/promozione-integrata-del-sistema\/settimana-della-cucina-italiana\/settimana-della-cucina-italiana-2018.html\">Clicca qui per leggere tutte le informazioni in diretta dalla Farnesina<\/a><\/p>\n<p><a href=\"https:\/\/www.esteri.it\/mae\/it\/politica_estera\/promozione-integrata-del-sistema\/settimana-della-cucina-italiana\/multimedia_0.html\">Clicca per guardare i video promozionali<\/a><\/p>\n<p>Usi i social ? #ItalianTaste2018<\/p>\n","protected":false},"excerpt":{"rendered":"La terza edizione della Settimana della Cucina Italiana nel Mondo, che si tiene dal 19 al 25 novembre 2018, mira a promuovere all\u2019estero l\u2019agroalimentare e la cucina italiana di qualit\u00e0, segni distintivi del \u201cMarchio Italia\u201d nel solco delle grandi tematiche che, a partire da EXPO 2015 Milano, contraddistinguono l\u2019agroalimentare italiano: qualit\u00e0, sostenibilit\u00e0, cultura, sicurezza alimentare, [&hellip;]","protected":false},"author":1,"featured_media":0,"comment_status":"","ping_status":"","sticky":false,"template":"","format":"standard","meta":{"footnotes":""},"tags":[],"class_list":["post-1291","post","type-post","status-publish","format-standard","hentry"],"_links":{"self":[{"href":"https:\/\/conscharleroi.esteri.it\/it\/wp-json\/wp\/v2\/posts\/1291","targetHints":{"allow":["GET"]}}],"collection":[{"href":"https:\/\/conscharleroi.esteri.it\/it\/wp-json\/wp\/v2\/posts"}],"about":[{"href":"https:\/\/conscharleroi.esteri.it\/it\/wp-json\/wp\/v2\/types\/post"}],"author":[{"embeddable":true,"href":"https:\/\/conscharleroi.esteri.it\/it\/wp-json\/wp\/v2\/users\/1"}],"replies":[{"embeddable":true,"href":"https:\/\/conscharleroi.esteri.it\/it\/wp-json\/wp\/v2\/comments?post=1291"}],"version-history":[{"count":0,"href":"https:\/\/conscharleroi.esteri.it\/it\/wp-json\/wp\/v2\/posts\/1291\/revisions"}],"wp:attachment":[{"href":"https:\/\/conscharleroi.esteri.it\/it\/wp-json\/wp\/v2\/media?parent=1291"}],"wp:term":[{"taxonomy":"post_tag","embeddable":true,"href":"https:\/\/conscharleroi.esteri.it\/it\/wp-json\/wp\/v2\/tags?post=1291"}],"curies":[{"name":"wp","href":"https:\/\/api.w.org\/{rel}","templated":true}]}}