{"id":1404,"date":"2017-01-04T12:31:41","date_gmt":"2017-01-04T10:31:41","guid":{"rendered":"https:\/\/conscharleroi.esteri.it\/news\/dal_consolato\/2017\/01\/peranenze-consolari-a-liegi\/"},"modified":"2017-01-04T12:31:41","modified_gmt":"2017-01-04T10:31:41","slug":"peranenze-consolari-a-liegi","status":"publish","type":"post","link":"https:\/\/conscharleroi.esteri.it\/it\/news\/dal_consolato\/2017\/01\/peranenze-consolari-a-liegi\/","title":{"rendered":"PERMANENZE CONSOLARI A LIEGI"},"content":{"rendered":"<p>Si informa che il Console Generale d\u2019Italia a Charleroi ha disposto che la prossima permanenza consolare presso il Consolato Onorario di Liegi sar\u00e0 effettuata gioved\u00ec 26 gennaio 2017.<\/p>\n<p>Sar\u00e0 inoltre massima cura di questa Sede fornire tempestivamente, non appena possibile, il calendario completo delle ulteriori permanenze consolari che verranno effettuate a Liegi nel corso dell\u2019intero anno 2017<\/p>\n","protected":false},"excerpt":{"rendered":"Si informa che il Console Generale d\u2019Italia a Charleroi ha disposto che la prossima permanenza consolare presso il Consolato Onorario di Liegi sar\u00e0 effettuata gioved\u00ec 26 gennaio 2017. Sar\u00e0 inoltre massima cura di questa Sede fornire tempestivamente, non appena possibile, il calendario completo delle ulteriori permanenze consolari che verranno effettuate a Liegi nel corso dell\u2019intero [&hellip;]","protected":false},"author":1,"featured_media":0,"comment_status":"","ping_status":"","sticky":false,"template":"","format":"standard","meta":{"footnotes":""},"tags":[],"class_list":["post-1404","post","type-post","status-publish","format-standard","hentry"],"_links":{"self":[{"href":"https:\/\/conscharleroi.esteri.it\/it\/wp-json\/wp\/v2\/posts\/1404","targetHints":{"allow":["GET"]}}],"collection":[{"href":"https:\/\/conscharleroi.esteri.it\/it\/wp-json\/wp\/v2\/posts"}],"about":[{"href":"https:\/\/conscharleroi.esteri.it\/it\/wp-json\/wp\/v2\/types\/post"}],"author":[{"embeddable":true,"href":"https:\/\/conscharleroi.esteri.it\/it\/wp-json\/wp\/v2\/users\/1"}],"replies":[{"embeddable":true,"href":"https:\/\/conscharleroi.esteri.it\/it\/wp-json\/wp\/v2\/comments?post=1404"}],"version-history":[{"count":0,"href":"https:\/\/conscharleroi.esteri.it\/it\/wp-json\/wp\/v2\/posts\/1404\/revisions"}],"wp:attachment":[{"href":"https:\/\/conscharleroi.esteri.it\/it\/wp-json\/wp\/v2\/media?parent=1404"}],"wp:term":[{"taxonomy":"post_tag","embeddable":true,"href":"https:\/\/conscharleroi.esteri.it\/it\/wp-json\/wp\/v2\/tags?post=1404"}],"curies":[{"name":"wp","href":"https:\/\/api.w.org\/{rel}","templated":true}]}}