{"id":1422,"date":"2016-10-19T11:42:48","date_gmt":"2016-10-19T09:42:48","guid":{"rendered":"https:\/\/conscharleroi.esteri.it\/news\/dal_consolato\/2016\/10\/avviso-di-sicurezza\/"},"modified":"2016-10-19T11:42:48","modified_gmt":"2016-10-19T09:42:48","slug":"avviso-di-sicurezza","status":"publish","type":"post","link":"https:\/\/conscharleroi.esteri.it\/it\/news\/dal_consolato\/2016\/10\/avviso-di-sicurezza\/","title":{"rendered":"AVVISO DI SICUREZZA"},"content":{"rendered":"<p>Il Belgio, anche in quanto sede delle Istituzioni europee, presenta crescenti rischi di esposizione al terrorismo internazionale. Gli<br \/>attacchi terroristi a Bruxelles del 24 maggio 2014 (museo ebraico) e del 22 marzo 2016 (aeroporto Zaventem e metropolitana), il collegamento di individui operanti in territorio belga agli attacchi in Francia del gennaio e del novembre 2015 e il significativo rilievo numerico dei \u201cforeign fighters\u201d di origine belga, hanno indotto le Autorit\u00e0 locali a svolgere pi\u00f9 capillari attivit\u00e0 di prevenzione e sorveglianza, soprattutto rispetto al traffico di armi, auto rubate, falsificazione documenti.<\/p>\n<p>Le Autorit\u00e0 belghe hanno attualmente portato a 3 (su una scala da 1 a 4) il livello di allerta antiterrorismo nel Paese, che era stato elevato a 4 subito dopo gli attentati del 22 marzo.<\/p>\n<p>Il livello 3 significa che la minaccia \u00e8 valutata come \u201cpossibile everosimile\u201d, ma non \u201cimminente\u201d.<\/p>\n<p>In tale contesto continuano a svolgersi sul territorio attivit\u00e0 di prevenzione e repressione da parte delle forze di<br \/>sicurezza belghe, che sono destinate a protrarsi anche alla luce del recentissimo evento di Nizza.<\/p>\n<p>Si invitano pertanto i connazionali ad esercitare particolare vigilanza e cautela in particolare nei luoghi pubblici e ad alta concentrazione di persone (tra cui, ad esempio, musei, centri commerciali, feste popolari, concerti e\u201dkermesse\u201d musicali). Si raccomanda inoltre cautela nella circolazione in alcuni quartieri di Bruxelles e nell\u2019utilizzo dei mezzi di trasporto pubblici.<\/p>\n<p>Si consiglia pertanto di tenersi costantemente aggiornati sulla situazione di sicurezza attraverso i media locali e i siti <a href=\"http:\/\/www.viaggiaresicuri.it\">www.viaggiaresicuri.it<\/a> \u00a0; <a href=\"http:\/\/www.ambbruxelles.esteri.it\">www.ambbruxelles.esteri.it<\/a>, @ItalyinBelgium \u00a0e di seguire scrupolosamente le indicazioni delle Autorit\u00e0 belghe.<\/p>\n","protected":false},"excerpt":{"rendered":"Il Belgio, anche in quanto sede delle Istituzioni europee, presenta crescenti rischi di esposizione al terrorismo internazionale. Gliattacchi terroristi a Bruxelles del 24 maggio 2014 (museo ebraico) e del 22 marzo 2016 (aeroporto Zaventem e metropolitana), il collegamento di individui operanti in territorio belga agli attacchi in Francia del gennaio e del novembre 2015 e [&hellip;]","protected":false},"author":1,"featured_media":0,"comment_status":"","ping_status":"","sticky":false,"template":"","format":"standard","meta":{"footnotes":""},"tags":[],"class_list":["post-1422","post","type-post","status-publish","format-standard","hentry"],"_links":{"self":[{"href":"https:\/\/conscharleroi.esteri.it\/it\/wp-json\/wp\/v2\/posts\/1422","targetHints":{"allow":["GET"]}}],"collection":[{"href":"https:\/\/conscharleroi.esteri.it\/it\/wp-json\/wp\/v2\/posts"}],"about":[{"href":"https:\/\/conscharleroi.esteri.it\/it\/wp-json\/wp\/v2\/types\/post"}],"author":[{"embeddable":true,"href":"https:\/\/conscharleroi.esteri.it\/it\/wp-json\/wp\/v2\/users\/1"}],"replies":[{"embeddable":true,"href":"https:\/\/conscharleroi.esteri.it\/it\/wp-json\/wp\/v2\/comments?post=1422"}],"version-history":[{"count":0,"href":"https:\/\/conscharleroi.esteri.it\/it\/wp-json\/wp\/v2\/posts\/1422\/revisions"}],"wp:attachment":[{"href":"https:\/\/conscharleroi.esteri.it\/it\/wp-json\/wp\/v2\/media?parent=1422"}],"wp:term":[{"taxonomy":"post_tag","embeddable":true,"href":"https:\/\/conscharleroi.esteri.it\/it\/wp-json\/wp\/v2\/tags?post=1422"}],"curies":[{"name":"wp","href":"https:\/\/api.w.org\/{rel}","templated":true}]}}