{"id":1455,"date":"2015-08-21T07:47:05","date_gmt":"2015-08-21T05:47:05","guid":{"rendered":"https:\/\/conscharleroi.esteri.it\/news\/dal_consolato\/2015\/08\/cgie\/"},"modified":"2015-08-21T07:47:05","modified_gmt":"2015-08-21T05:47:05","slug":"cgie","status":"publish","type":"post","link":"https:\/\/conscharleroi.esteri.it\/it\/news\/dal_consolato\/2015\/08\/cgie\/","title":{"rendered":"CONSIGLIO GENERALE DEGLI ITALIANI ALL\u2019ESTERO &#8211; ELEZIONI 2015 &#8211; COMUNICATO STAMPA ASSEMBLEA PAESE"},"content":{"rendered":"<p><SPAN id=\"phNewsTxtTesto\">Si informa che in data <STRONG>26 settembre 2015<\/STRONG> si svolgeranno i lavori dell\u2019Assemblea Paese che sar\u00e0 chiamata ad eleggere i membri territoriali in occasione del rinnovo del Consiglio Generale degli Italiani all\u2019Estero. <BR><BR>Il CGIE\u00a0\u00e8 l&#8217;organismo di rappresentanza delle comunit\u00e0 italiane all&#8217;estero presso tutti gli organismi che pongono in essere politiche che interessano le comunit\u00e0 italiane all&#8217;estero. <BR><BR>In aderenza ai principi affermati dagli articoli 3 e 35 della Costituzione, il CGIE ha il fine di promuovere e agevolare lo sviluppo delle condizioni di vita delle comunit\u00e0 italiane all&#8217;estero e dei loro singoli componenti, di rafforzare il collegamento di tali comunit\u00e0 con la vita politica, culturale, economica e sociale dell&#8217;Italia, di assicurare la pi\u00f9 efficace tutela dei diritti degli italiani all&#8217;estero e di facilitarne il mantenimento dell&#8217;identit\u00e0 culturale e linguistica, l&#8217;integrazione nelle societ\u00e0 di accoglimento e la partecipazione alla vita delle comunit\u00e0 locali, nonch\u00e9 di facilitare il coinvolgimento delle comunit\u00e0 italiane residenti nei Paesi in via di sviluppo nelle attivit\u00e0 di cooperazione allo sviluppo e di collaborazione nello svolgimento delle iniziative commerciali aventi come parte principale l&#8217;Istituto nazionale per il commercio estero, le camere di commercio, industria, artigianato e agricoltura e le altre forme associative dell&#8217;imprenditoria italiana. <BR><BR>Tutti i cittadini italiani residenti da almeno tre anni in Belgio, che non siano gi\u00e0 componenti dell\u2019Assemblea Paese possono candidarsi facendo pervenire a questa Rappresentanza consolare la\u00a0seguente scheda di candidatura <STRONG>entro 10 giorni dalla data di svolgimento dell\u2019Assemblea Paese.<\/STRONG> <BR><BR>Possono candidarsi anche persone non in possesso della cittadinanza italiana, purch\u00e9 siano figli o discendenti di cittadini italiani e residenti nel Paese da almeno tre anni. Questi possono essere eletti in proporzione non superiore alla met\u00e0 dei componenti espressi dal singolo Paese <BR><BR>I candidati che non siano al tempo stesso componenti dell\u2019Assemblea Paese potranno assistere ai relativi lavori senza diritto di voto. <BR><BR><BR><EM><STRONG><A href=\"http:\/\/www.consbruxelles.esteri.it\/NR\/rdonlyres\/60326EA4-A2DB-46D1-8B41-D1F2C700AF30\/76847\/SchedacandidaturaperelezioniCGIE.pdf\">scarica la scheda di candidatura<\/A><\/STRONG><\/EM><\/SPAN><\/p>\n","protected":false},"excerpt":{"rendered":"Si informa che in data 26 settembre 2015 si svolgeranno i lavori dell\u2019Assemblea Paese che sar\u00e0 chiamata ad eleggere i membri territoriali in occasione del rinnovo del Consiglio Generale degli Italiani all\u2019Estero. Il CGIE\u00a0\u00e8 l&#8217;organismo di rappresentanza delle comunit\u00e0 italiane all&#8217;estero presso tutti gli organismi che pongono in essere politiche che interessano le comunit\u00e0 italiane [&hellip;]","protected":false},"author":1,"featured_media":0,"comment_status":"","ping_status":"","sticky":false,"template":"","format":"standard","meta":{"footnotes":""},"tags":[],"class_list":["post-1455","post","type-post","status-publish","format-standard","hentry"],"_links":{"self":[{"href":"https:\/\/conscharleroi.esteri.it\/it\/wp-json\/wp\/v2\/posts\/1455","targetHints":{"allow":["GET"]}}],"collection":[{"href":"https:\/\/conscharleroi.esteri.it\/it\/wp-json\/wp\/v2\/posts"}],"about":[{"href":"https:\/\/conscharleroi.esteri.it\/it\/wp-json\/wp\/v2\/types\/post"}],"author":[{"embeddable":true,"href":"https:\/\/conscharleroi.esteri.it\/it\/wp-json\/wp\/v2\/users\/1"}],"replies":[{"embeddable":true,"href":"https:\/\/conscharleroi.esteri.it\/it\/wp-json\/wp\/v2\/comments?post=1455"}],"version-history":[{"count":0,"href":"https:\/\/conscharleroi.esteri.it\/it\/wp-json\/wp\/v2\/posts\/1455\/revisions"}],"wp:attachment":[{"href":"https:\/\/conscharleroi.esteri.it\/it\/wp-json\/wp\/v2\/media?parent=1455"}],"wp:term":[{"taxonomy":"post_tag","embeddable":true,"href":"https:\/\/conscharleroi.esteri.it\/it\/wp-json\/wp\/v2\/tags?post=1455"}],"curies":[{"name":"wp","href":"https:\/\/api.w.org\/{rel}","templated":true}]}}