{"id":2335,"date":"2024-08-08T09:26:44","date_gmt":"2024-08-08T07:26:44","guid":{"rendered":"https:\/\/conscharleroi.esteri.it\/?p=2335"},"modified":"2024-08-08T10:08:36","modified_gmt":"2024-08-08T08:08:36","slug":"messaggio-del-presidente-mattarella-in-occasione-del-68-anniversario-della-tragedia-di-marcinelle-e-della-23-giornata-nazionale-del-sacrificio-del-lavoro-italiano-nel-mondo","status":"publish","type":"post","link":"https:\/\/conscharleroi.esteri.it\/it\/news\/dal_consolato\/2024\/08\/messaggio-del-presidente-mattarella-in-occasione-del-68-anniversario-della-tragedia-di-marcinelle-e-della-23-giornata-nazionale-del-sacrificio-del-lavoro-italiano-nel-mondo\/","title":{"rendered":"Messaggio del Presidente Mattarella in occasione del 68\u00b0 anniversario della tragedia di Marcinelle e della 23\u00b0 Giornata nazionale del sacrificio del lavoro italiano nel mondo"},"content":{"rendered":"<p>Il Presidente della Repubblica, Sergio Mattarella, in occasione del 68\u00b0 anniversario della tragedia di Marcinelle e della 23\u00aa Giornata nazionale del sacrificio del lavoro italiano nel mondo, ha inviato il seguente messaggio:<\/p>\n<p>\u00ab Da ventitr\u00e9 anni la data del disastro minerario di Marcinelle del 1956 ha dato vita alla Giornata nazionale del sacrificio del lavoro italiano nel mondo.<br \/>\nLa portata della tragedia che sessantotto anni fa sconvolse 262 famiglie &#8211; di cui 136 italiane &#8211; le ha fatto assumere una fortissima carica simbolica.<br \/>\nQuanto accadde al Bois du Cazier \u00e8 dunque un richiamo alla memoria del sacrificio di tutti lavoratori italiani deceduti all&#8217;estero nello svolgimento delle proprie attivit\u00e0 professionali e a quanti hanno recato il contributo della propria industriosit\u00e0 a Paesi anche lontani.<br \/>\nFin dal suo primo articolo la Costituzione della Repubblica stabilisce un vincolo ideale inscindibile tra democrazia e lavoro. Il pieno rispetto della dignit\u00e0 dei lavoratori ne \u00e8 un principio fondamentale, affermato anche al livello internazionale; un obiettivo che, tuttavia, non \u00e8 stato ancora pienamente raggiunto.<br \/>\nSvolgere la propria attivit\u00e0 lavorativa in sicurezza \u00e8 la prima elementare condizione.<br \/>\nMarcinelle e le altre tragedie che hanno coinvolto migranti italiani nei cinque continenti costituiscono ancora oggi un monito ineludibile a promuovere la dignit\u00e0 del lavoro, valore irrinunciabile della identit\u00e0 della nostra comunit\u00e0.<br \/>\nA quanti hanno perso familiari, amici e colleghi, vittime del lavoro, al Bois du Cazier e in altre parti del mondo, rinnovo l&#8217;espressione dei sentimenti di vicinanza e di solidariet\u00e0 della Repubblica.\u00bb<\/p>\n<p>&nbsp;<\/p>\n<p><a href=\"https:\/\/conscharleroi.esteri.it\/wp-content\/uploads\/2024\/08\/Messaggio-SPdR-Marcinelle-2024.pdf\">Messaggio del Presidente della Repubblica, Sergio Mattarella<\/a><\/p>\n","protected":false},"excerpt":{"rendered":"Il Presidente della Repubblica, Sergio Mattarella, in occasione del 68\u00b0 anniversario della tragedia di Marcinelle e della 23\u00aa Giornata nazionale del sacrificio del lavoro italiano nel mondo, ha inviato il seguente messaggio: \u00ab Da ventitr\u00e9 anni la data del disastro minerario di Marcinelle del 1956 ha dato vita alla Giornata nazionale del sacrificio del lavoro [&hellip;]","protected":false},"author":4,"featured_media":2336,"comment_status":"closed","ping_status":"closed","sticky":false,"template":"","format":"standard","meta":{"footnotes":""},"tags":[],"class_list":["post-2335","post","type-post","status-publish","format-standard","has-post-thumbnail","hentry"],"_links":{"self":[{"href":"https:\/\/conscharleroi.esteri.it\/it\/wp-json\/wp\/v2\/posts\/2335","targetHints":{"allow":["GET"]}}],"collection":[{"href":"https:\/\/conscharleroi.esteri.it\/it\/wp-json\/wp\/v2\/posts"}],"about":[{"href":"https:\/\/conscharleroi.esteri.it\/it\/wp-json\/wp\/v2\/types\/post"}],"author":[{"embeddable":true,"href":"https:\/\/conscharleroi.esteri.it\/it\/wp-json\/wp\/v2\/users\/4"}],"replies":[{"embeddable":true,"href":"https:\/\/conscharleroi.esteri.it\/it\/wp-json\/wp\/v2\/comments?post=2335"}],"version-history":[{"count":2,"href":"https:\/\/conscharleroi.esteri.it\/it\/wp-json\/wp\/v2\/posts\/2335\/revisions"}],"predecessor-version":[{"id":2340,"href":"https:\/\/conscharleroi.esteri.it\/it\/wp-json\/wp\/v2\/posts\/2335\/revisions\/2340"}],"wp:featuredmedia":[{"embeddable":true,"href":"https:\/\/conscharleroi.esteri.it\/it\/wp-json\/wp\/v2\/media\/2336"}],"wp:attachment":[{"href":"https:\/\/conscharleroi.esteri.it\/it\/wp-json\/wp\/v2\/media?parent=2335"}],"wp:term":[{"taxonomy":"post_tag","embeddable":true,"href":"https:\/\/conscharleroi.esteri.it\/it\/wp-json\/wp\/v2\/tags?post=2335"}],"curies":[{"name":"wp","href":"https:\/\/api.w.org\/{rel}","templated":true}]}}