{"id":2747,"date":"2024-11-12T13:41:11","date_gmt":"2024-11-12T11:41:11","guid":{"rendered":"https:\/\/conscharleroi.esteri.it\/?p=2747"},"modified":"2024-11-12T13:56:32","modified_gmt":"2024-11-12T11:56:32","slug":"settimana-della-cucina-italiana-nel-mondo","status":"publish","type":"post","link":"https:\/\/conscharleroi.esteri.it\/it\/news\/dal_consolato\/2024\/11\/settimana-della-cucina-italiana-nel-mondo\/","title":{"rendered":"SETTIMANA DELLA CUCINA ITALIANA NEL MONDO"},"content":{"rendered":"<p style=\"text-align: center;\"><strong>IX Edizione annuale della Settimana della Cucina italiana nel mondo<br \/>\n<em>Dieta Mediterranea e Cucina delle Radici: Salute e Tradizione<\/em><\/strong><\/p>\n<p style=\"text-align: center;\"><strong>16-22 novembre 2024<\/strong><\/p>\n<p><strong>\u00a0<\/strong><\/p>\n<p style=\"text-align: justify;\">La \u201cSettimana della Cucina Italiana nel Mondo\u201d \u00e8 la rassegna tematica annuale dedicata alla promozione della cucina e dei prodotti agroalimentari italiani di qualit\u00e0, promossa dalla rete di Ambasciate d\u2019Italia, Consolati, Istituti Italiani di Cultura e Uffici ICE all\u2019estero.<\/p>\n<p style=\"text-align: justify;\">Ogni anno la Settimana propone un tema specifico e quello di questa nona\u00a0edizione, in programma dal 16 al 22\u00a0novembre 2024, \u00e8\u00a0&#8220;<strong>Dieta Mediterranea e Cucina delle Radici: Salute e Tradizione<\/strong>.\u201d<\/p>\n<p style=\"text-align: justify;\">In sinergia con il programma del\u00a0\u201c<strong>Turismo delle Radici<\/strong>\u201d,\u00a0la rassegna si focalizzer\u00e0 su aspetti particolari della tradizione gastronomica italiana quali: <strong>ricette regionali, tecniche culinarie tradizionali e utilizzo di ingredienti tipici italiani<\/strong>. Sar\u00e0 un&#8217;occasione per conoscere meglio la ricca e diversificata cultura gastronomica dell&#8217;Italia e per sensibilizzare il pubblico globale sull&#8217;importanza della <strong>dieta mediterranea <\/strong>e della<strong> sostenibilit\u00e0 alimentare<\/strong>.<\/p>\n<p>&nbsp;<\/p>\n<p style=\"text-align: justify;\"><strong>Evento a Liegi \u2013 16 novembre 2024\u00a0<\/strong><\/p>\n<p><img loading=\"lazy\" decoding=\"async\" class=\"img-fluid alignleft wp-image-2707\" src=\"https:\/\/conscharleroi.esteri.it\/wp-content\/uploads\/2024\/11\/SCIM24-210x300.jpg\" alt=\"\" width=\"392\" height=\"561\" srcset=\"https:\/\/conscharleroi.esteri.it\/wp-content\/uploads\/2024\/11\/SCIM24-210x300.jpg 210w, https:\/\/conscharleroi.esteri.it\/wp-content\/uploads\/2024\/11\/SCIM24-716x1024.jpg 716w, https:\/\/conscharleroi.esteri.it\/wp-content\/uploads\/2024\/11\/SCIM24-768x1098.jpg 768w, https:\/\/conscharleroi.esteri.it\/wp-content\/uploads\/2024\/11\/SCIM24.jpg 833w\" sizes=\"auto, (max-width: 392px) 100vw, 392px\" \/><\/p>\n<p style=\"text-align: left;\">Sabato 16 novembre si terr\u00e0 una conferenza presso la Salle acad\u00e9mique de l&#8217;Universit\u00e9 de Li\u00e8ge sul tema \u201cDieta Mediterranea e Cucina delle Radici: Salute e Tradizione\u201d.<\/p>\n<p style=\"text-align: left;\">L&#8217;evento, intitolato \u00abLa Cuisine M\u00e9diterran\u00e9enne et principalement la Cuisine du Terroir: Sant\u00e9 et Tradition\u00bb, \u00e8 organizzato dal Consolato Generale d\u2019Italia a Charleroi e dal Consolato Onorario d\u2019Italia a Liegi in collaborazione con la Fondazione Euritalia, l\u2019Universit\u00e0 di Liegi e il CHU di Liegi.<\/p>\n<p style=\"text-align: left;\"><span style=\"text-align: justify;\">Sar\u00e0 un&#8217;occasione unica per esplorare gli aspetti salutari e tradizionali della cucina mediterranea.<\/span><\/p>\n","protected":false},"excerpt":{"rendered":"IX Edizione annuale della Settimana della Cucina italiana nel mondo Dieta Mediterranea e Cucina delle Radici: Salute e Tradizione 16-22 novembre 2024 \u00a0 La \u201cSettimana della Cucina Italiana nel Mondo\u201d \u00e8 la rassegna tematica annuale dedicata alla promozione della cucina e dei prodotti agroalimentari italiani di qualit\u00e0, promossa dalla rete di Ambasciate d\u2019Italia, Consolati, Istituti [&hellip;]","protected":false},"author":4,"featured_media":2773,"comment_status":"closed","ping_status":"closed","sticky":false,"template":"","format":"standard","meta":{"footnotes":""},"tags":[],"class_list":["post-2747","post","type-post","status-publish","format-standard","has-post-thumbnail","hentry"],"_links":{"self":[{"href":"https:\/\/conscharleroi.esteri.it\/it\/wp-json\/wp\/v2\/posts\/2747","targetHints":{"allow":["GET"]}}],"collection":[{"href":"https:\/\/conscharleroi.esteri.it\/it\/wp-json\/wp\/v2\/posts"}],"about":[{"href":"https:\/\/conscharleroi.esteri.it\/it\/wp-json\/wp\/v2\/types\/post"}],"author":[{"embeddable":true,"href":"https:\/\/conscharleroi.esteri.it\/it\/wp-json\/wp\/v2\/users\/4"}],"replies":[{"embeddable":true,"href":"https:\/\/conscharleroi.esteri.it\/it\/wp-json\/wp\/v2\/comments?post=2747"}],"version-history":[{"count":6,"href":"https:\/\/conscharleroi.esteri.it\/it\/wp-json\/wp\/v2\/posts\/2747\/revisions"}],"predecessor-version":[{"id":2771,"href":"https:\/\/conscharleroi.esteri.it\/it\/wp-json\/wp\/v2\/posts\/2747\/revisions\/2771"}],"wp:featuredmedia":[{"embeddable":true,"href":"https:\/\/conscharleroi.esteri.it\/it\/wp-json\/wp\/v2\/media\/2773"}],"wp:attachment":[{"href":"https:\/\/conscharleroi.esteri.it\/it\/wp-json\/wp\/v2\/media?parent=2747"}],"wp:term":[{"taxonomy":"post_tag","embeddable":true,"href":"https:\/\/conscharleroi.esteri.it\/it\/wp-json\/wp\/v2\/tags?post=2747"}],"curies":[{"name":"wp","href":"https:\/\/api.w.org\/{rel}","templated":true}]}}