{"id":3138,"date":"2025-05-07T15:47:40","date_gmt":"2025-05-07T13:47:40","guid":{"rendered":"https:\/\/conscharleroi.esteri.it\/?p=3138"},"modified":"2025-05-07T15:47:40","modified_gmt":"2025-05-07T13:47:40","slug":"avviso-chiusura-periodo-estivo-consolato-onorario-ditalia-a-liegi","status":"publish","type":"post","link":"https:\/\/conscharleroi.esteri.it\/it\/news\/dal_consolato\/2025\/05\/avviso-chiusura-periodo-estivo-consolato-onorario-ditalia-a-liegi\/","title":{"rendered":"AVVISO CHIUSURA PERIODO ESTIVO \u2013 CONSOLATO ONORARIO D\u2019ITALIA A LIEGI"},"content":{"rendered":"<p style=\"font-variant: normal; font-stretch: normal; font-size-adjust: none; font-kerning: auto; font-feature-settings: normal; font-optical-sizing: auto; font-variation-settings: normal; -webkit-text-stroke: 0px #000000; margin: 0cm 0cm 9pt; text-align: justify;\">Si informa l\u2019utenza che gli uffici del Consolato Onorario d\u2019Italia a Liegi rimarranno chiusi da gioved\u00ec 17 luglio a mercoled\u00ec 27 agosto 2025, inclusi.<\/p>\n<p style=\"font-variant: normal; font-stretch: normal; font-size-adjust: none; font-kerning: auto; font-feature-settings: normal; font-optical-sizing: auto; font-variation-settings: normal; -webkit-text-stroke: 0px #000000; margin: 0cm 0cm 9pt; text-align: justify;\">Le attivit\u00e0 riprenderanno regolarmente a partire da luned\u00ec 1\u00ba settembre 2025.<\/p>\n","protected":false},"excerpt":{"rendered":"Si informa l\u2019utenza che gli uffici del Consolato Onorario d\u2019Italia a Liegi rimarranno chiusi da gioved\u00ec 17 luglio a mercoled\u00ec 27 agosto 2025, inclusi. Le attivit\u00e0 riprenderanno regolarmente a partire da luned\u00ec 1\u00ba settembre 2025.","protected":false},"author":4,"featured_media":992,"comment_status":"closed","ping_status":"closed","sticky":false,"template":"","format":"standard","meta":{"footnotes":""},"tags":[],"class_list":["post-3138","post","type-post","status-publish","format-standard","has-post-thumbnail","hentry"],"_links":{"self":[{"href":"https:\/\/conscharleroi.esteri.it\/it\/wp-json\/wp\/v2\/posts\/3138","targetHints":{"allow":["GET"]}}],"collection":[{"href":"https:\/\/conscharleroi.esteri.it\/it\/wp-json\/wp\/v2\/posts"}],"about":[{"href":"https:\/\/conscharleroi.esteri.it\/it\/wp-json\/wp\/v2\/types\/post"}],"author":[{"embeddable":true,"href":"https:\/\/conscharleroi.esteri.it\/it\/wp-json\/wp\/v2\/users\/4"}],"replies":[{"embeddable":true,"href":"https:\/\/conscharleroi.esteri.it\/it\/wp-json\/wp\/v2\/comments?post=3138"}],"version-history":[{"count":1,"href":"https:\/\/conscharleroi.esteri.it\/it\/wp-json\/wp\/v2\/posts\/3138\/revisions"}],"predecessor-version":[{"id":3140,"href":"https:\/\/conscharleroi.esteri.it\/it\/wp-json\/wp\/v2\/posts\/3138\/revisions\/3140"}],"wp:featuredmedia":[{"embeddable":true,"href":"https:\/\/conscharleroi.esteri.it\/it\/wp-json\/wp\/v2\/media\/992"}],"wp:attachment":[{"href":"https:\/\/conscharleroi.esteri.it\/it\/wp-json\/wp\/v2\/media?parent=3138"}],"wp:term":[{"taxonomy":"post_tag","embeddable":true,"href":"https:\/\/conscharleroi.esteri.it\/it\/wp-json\/wp\/v2\/tags?post=3138"}],"curies":[{"name":"wp","href":"https:\/\/api.w.org\/{rel}","templated":true}]}}