{"id":3366,"date":"2025-07-25T15:11:49","date_gmt":"2025-07-25T13:11:49","guid":{"rendered":"https:\/\/conscharleroi.esteri.it\/?p=3366"},"modified":"2025-07-25T15:43:29","modified_gmt":"2025-07-25T13:43:29","slug":"v-edizione-del-concorso-per-la-premiazione-della-fedelta-al-lavoro-e-del-progresso-economico","status":"publish","type":"post","link":"https:\/\/conscharleroi.esteri.it\/it\/news\/dal_consolato\/2025\/07\/v-edizione-del-concorso-per-la-premiazione-della-fedelta-al-lavoro-e-del-progresso-economico\/","title":{"rendered":"V Edizione del Concorso per la Premiazione della Fedelt\u00e0 al Lavoro e del Progresso Economico"},"content":{"rendered":"<p>La Camera di commercio di Treviso \u2013 Belluno ha indetto la V edizione del Concorso per la premiazione della Fedelt\u00e0 al Lavoro e del Progresso Economico per il conferimento di un prestigioso riconoscimento a lavoratori, imprenditori, amministratori e personalit\u00e0 al fine di celebrare ufficialmente chi, con attaccamento, diligenza e cura, ha contribuito a far crescere l&#8217;economia e il tessuto sociale locale negli ultimi anni.<\/p>\n<p>Fra le categorie ammesse vi sono anche i lavoratori trevigiani e bellunesi rimpatriati e i lavoratori ed imprenditori trevigiani e\/o bellunesi all&#8217;estero che si siano distinti per la loro attivit\u00e0 almeno ventennale.<\/p>\n<p>Al seguente link <a href=\"https:\/\/www.tb.camcom.gov.it\/CCIAA_bandi.asp?cod=2589\">V edizione Concorso Fedelt\u00e0 al Lavoro e Progresso economico<\/a> sono disponibili il Bando del Concorso e i moduli per la presentazione delle domande, la cui scadenza \u00e8 fissata al 30 settembre 2025.<\/p>\n<p>La cerimonia ufficiale di consegna dei premi \u00e8 prevista entro la primavera del 2026 e vedr\u00e0 la presenza delle autorit\u00e0 politiche e militari e rappresentanti delle varie istituzioni del territorio che omaggeranno l\u2019impegno e la dedizione profusi dai premiati.<\/p>\n","protected":false},"excerpt":{"rendered":"La Camera di commercio di Treviso \u2013 Belluno ha indetto la V edizione del Concorso per la premiazione della Fedelt\u00e0 al Lavoro e del Progresso Economico per il conferimento di un prestigioso riconoscimento a lavoratori, imprenditori, amministratori e personalit\u00e0 al fine di celebrare ufficialmente chi, con attaccamento, diligenza e cura, ha contribuito a far crescere [&hellip;]","protected":false},"author":5,"featured_media":3374,"comment_status":"closed","ping_status":"closed","sticky":false,"template":"","format":"standard","meta":{"footnotes":""},"tags":[],"class_list":["post-3366","post","type-post","status-publish","format-standard","has-post-thumbnail","hentry"],"_links":{"self":[{"href":"https:\/\/conscharleroi.esteri.it\/it\/wp-json\/wp\/v2\/posts\/3366","targetHints":{"allow":["GET"]}}],"collection":[{"href":"https:\/\/conscharleroi.esteri.it\/it\/wp-json\/wp\/v2\/posts"}],"about":[{"href":"https:\/\/conscharleroi.esteri.it\/it\/wp-json\/wp\/v2\/types\/post"}],"author":[{"embeddable":true,"href":"https:\/\/conscharleroi.esteri.it\/it\/wp-json\/wp\/v2\/users\/5"}],"replies":[{"embeddable":true,"href":"https:\/\/conscharleroi.esteri.it\/it\/wp-json\/wp\/v2\/comments?post=3366"}],"version-history":[{"count":1,"href":"https:\/\/conscharleroi.esteri.it\/it\/wp-json\/wp\/v2\/posts\/3366\/revisions"}],"predecessor-version":[{"id":3369,"href":"https:\/\/conscharleroi.esteri.it\/it\/wp-json\/wp\/v2\/posts\/3366\/revisions\/3369"}],"wp:featuredmedia":[{"embeddable":true,"href":"https:\/\/conscharleroi.esteri.it\/it\/wp-json\/wp\/v2\/media\/3374"}],"wp:attachment":[{"href":"https:\/\/conscharleroi.esteri.it\/it\/wp-json\/wp\/v2\/media?parent=3366"}],"wp:term":[{"taxonomy":"post_tag","embeddable":true,"href":"https:\/\/conscharleroi.esteri.it\/it\/wp-json\/wp\/v2\/tags?post=3366"}],"curies":[{"name":"wp","href":"https:\/\/api.w.org\/{rel}","templated":true}]}}