{"id":3458,"date":"2025-08-19T16:20:02","date_gmt":"2025-08-19T14:20:02","guid":{"rendered":"https:\/\/conscharleroi.esteri.it\/?p=3458"},"modified":"2025-08-19T16:21:57","modified_gmt":"2025-08-19T14:21:57","slug":"campagna-di-verifica-dellesistenza-in-vita-dei-pensionati-inps-allestero-biennio-2025-2026","status":"publish","type":"post","link":"https:\/\/conscharleroi.esteri.it\/it\/news\/dal_consolato\/2025\/08\/campagna-di-verifica-dellesistenza-in-vita-dei-pensionati-inps-allestero-biennio-2025-2026\/","title":{"rendered":"Campagna di verifica dell\u2019esistenza in vita dei pensionati INPS all\u2019estero \u2013 Biennio 2025-2026"},"content":{"rendered":"<p style=\"text-align: justify;\">L\u2019INPS ha reso disponibili le tempistiche relative al processo di verifica dell\u2019esistenza in vita, con riferimento agli anni 2025 e 2026, che interesser\u00e0 tutti i beneficiari di prestazioni pensionistiche riscosse all\u2019estero.<\/p>\n<p>La campagna di verifica si svolger\u00e0 dal 17 settembre 2025 al 15 gennaio 2026<\/p>\n<p style=\"text-align: justify;\">La campagna sar\u00e0 <span style=\"text-decoration: underline;\">gestita da Citibank N.A.<\/span>, che invier\u00e0 direttamente ai pensionati la lettera esplicativa e il modulo standard di attestazione.<\/p>\n<p>Nei casi di infermit\u00e0 fisica o mentale, di residenza in istituti di riposo o sanitari pubblici\/privati, o in presenza di patologie che impediscano gli spostamenti, cos\u00ec come per soggetti incapaci o reclusi in istituti di detenzione, sar\u00e0 possibile richiedere al Servizio di supporto Citi il modulo alternativo di certificazione di esistenza in vita (<a href=\"https:\/\/www.inps.it\/it\/it\/inps-comunica\/atti\/circolari-messaggi-e-normativa\/dettaglio.circolari-e-messaggi.2025.03.messaggio-numero-890-del-13-03-2025_14865.html\">Circolare INPS, paragrafo 5, punto A.2<\/a>).<\/p>\n<p>Per tutti i dettagli si rinvia alla Circolare INPS e al portale dedicato:<br \/>\n<a href=\"https:\/\/www.inps.it\/it\/it\/inps-comunica\/atti\/circolari-messaggi-e-normativa\/dettaglio.circolari-e-messaggi.2025.03.messaggio-numero-890-del-13-03-2025_14865.html\">Portale Inps \u2013 Accertamento esistenza in vita dei pensionati all\u2019estero 2025-2026<\/a><\/p>\n","protected":false},"excerpt":{"rendered":"L\u2019INPS ha reso disponibili le tempistiche relative al processo di verifica dell\u2019esistenza in vita, con riferimento agli anni 2025 e 2026, che interesser\u00e0 tutti i beneficiari di prestazioni pensionistiche riscosse all\u2019estero. La campagna di verifica si svolger\u00e0 dal 17 settembre 2025 al 15 gennaio 2026 La campagna sar\u00e0 gestita da Citibank N.A., che invier\u00e0 direttamente [&hellip;]","protected":false},"author":4,"featured_media":3463,"comment_status":"closed","ping_status":"closed","sticky":false,"template":"","format":"standard","meta":{"footnotes":""},"tags":[],"class_list":["post-3458","post","type-post","status-publish","format-standard","has-post-thumbnail","hentry"],"_links":{"self":[{"href":"https:\/\/conscharleroi.esteri.it\/it\/wp-json\/wp\/v2\/posts\/3458","targetHints":{"allow":["GET"]}}],"collection":[{"href":"https:\/\/conscharleroi.esteri.it\/it\/wp-json\/wp\/v2\/posts"}],"about":[{"href":"https:\/\/conscharleroi.esteri.it\/it\/wp-json\/wp\/v2\/types\/post"}],"author":[{"embeddable":true,"href":"https:\/\/conscharleroi.esteri.it\/it\/wp-json\/wp\/v2\/users\/4"}],"replies":[{"embeddable":true,"href":"https:\/\/conscharleroi.esteri.it\/it\/wp-json\/wp\/v2\/comments?post=3458"}],"version-history":[{"count":2,"href":"https:\/\/conscharleroi.esteri.it\/it\/wp-json\/wp\/v2\/posts\/3458\/revisions"}],"predecessor-version":[{"id":3466,"href":"https:\/\/conscharleroi.esteri.it\/it\/wp-json\/wp\/v2\/posts\/3458\/revisions\/3466"}],"wp:featuredmedia":[{"embeddable":true,"href":"https:\/\/conscharleroi.esteri.it\/it\/wp-json\/wp\/v2\/media\/3463"}],"wp:attachment":[{"href":"https:\/\/conscharleroi.esteri.it\/it\/wp-json\/wp\/v2\/media?parent=3458"}],"wp:term":[{"taxonomy":"post_tag","embeddable":true,"href":"https:\/\/conscharleroi.esteri.it\/it\/wp-json\/wp\/v2\/tags?post=3458"}],"curies":[{"name":"wp","href":"https:\/\/api.w.org\/{rel}","templated":true}]}}