{"id":4207,"date":"2026-04-27T16:18:29","date_gmt":"2026-04-27T14:18:29","guid":{"rendered":"https:\/\/conscharleroi.esteri.it\/?p=4207"},"modified":"2026-04-27T16:18:29","modified_gmt":"2026-04-27T14:18:29","slug":"comunicazione-relativa-alla-chiusura-estiva-del-consolato-onorario-ditalia-a-liegi-anno-2026","status":"publish","type":"post","link":"https:\/\/conscharleroi.esteri.it\/it\/news\/dal_consolato\/2026\/04\/comunicazione-relativa-alla-chiusura-estiva-del-consolato-onorario-ditalia-a-liegi-anno-2026\/","title":{"rendered":"Comunicazione relativa alla chiusura estiva del Consolato Onorario d\u2019Italia a Liegi \u2013 Anno 2026"},"content":{"rendered":"<p>Si informa la gentile utenza che gli uffici del Consolato Onorario d\u2019Italia a Liegi rimarranno temporaneamente chiusi da gioved\u00ec 16 luglio a mercoled\u00ec 26 agosto 2026, inclusi.<\/p>\n<p>&nbsp;<\/p>\n<p>Le attivit\u00e0 riprenderanno regolarmente a partire da luned\u00ec <strong>31 agosto 2026<\/strong>.<\/p>\n<p>&nbsp;<\/p>\n<p>&nbsp;<\/p>\n<p>&nbsp;<\/p>\n","protected":false},"excerpt":{"rendered":"Si informa la gentile utenza che gli uffici del Consolato Onorario d\u2019Italia a Liegi rimarranno temporaneamente chiusi da gioved\u00ec 16 luglio a mercoled\u00ec 26 agosto 2026, inclusi. &nbsp; Le attivit\u00e0 riprenderanno regolarmente a partire da luned\u00ec 31 agosto 2026. &nbsp; &nbsp; &nbsp;","protected":false},"author":4,"featured_media":991,"comment_status":"closed","ping_status":"closed","sticky":false,"template":"","format":"standard","meta":{"footnotes":""},"tags":[],"class_list":["post-4207","post","type-post","status-publish","format-standard","has-post-thumbnail","hentry"],"_links":{"self":[{"href":"https:\/\/conscharleroi.esteri.it\/it\/wp-json\/wp\/v2\/posts\/4207","targetHints":{"allow":["GET"]}}],"collection":[{"href":"https:\/\/conscharleroi.esteri.it\/it\/wp-json\/wp\/v2\/posts"}],"about":[{"href":"https:\/\/conscharleroi.esteri.it\/it\/wp-json\/wp\/v2\/types\/post"}],"author":[{"embeddable":true,"href":"https:\/\/conscharleroi.esteri.it\/it\/wp-json\/wp\/v2\/users\/4"}],"replies":[{"embeddable":true,"href":"https:\/\/conscharleroi.esteri.it\/it\/wp-json\/wp\/v2\/comments?post=4207"}],"version-history":[{"count":1,"href":"https:\/\/conscharleroi.esteri.it\/it\/wp-json\/wp\/v2\/posts\/4207\/revisions"}],"predecessor-version":[{"id":4210,"href":"https:\/\/conscharleroi.esteri.it\/it\/wp-json\/wp\/v2\/posts\/4207\/revisions\/4210"}],"wp:featuredmedia":[{"embeddable":true,"href":"https:\/\/conscharleroi.esteri.it\/it\/wp-json\/wp\/v2\/media\/991"}],"wp:attachment":[{"href":"https:\/\/conscharleroi.esteri.it\/it\/wp-json\/wp\/v2\/media?parent=4207"}],"wp:term":[{"taxonomy":"post_tag","embeddable":true,"href":"https:\/\/conscharleroi.esteri.it\/it\/wp-json\/wp\/v2\/tags?post=4207"}],"curies":[{"name":"wp","href":"https:\/\/api.w.org\/{rel}","templated":true}]}}